{"id":4225,"date":"2024-04-16T11:14:22","date_gmt":"2024-04-16T16:14:22","guid":{"rendered":"https:\/\/www.artesyletras.edu.co\/eal\/?p=4225"},"modified":"2024-08-06T18:21:16","modified_gmt":"2024-08-06T23:21:16","slug":"produccion-grafica","status":"publish","type":"post","link":"https:\/\/www.artesyletras.edu.co\/eal\/probogota\/produccion-grafica\/","title":{"rendered":"Producci\u00f3n Gr\u00e1fica"},"content":{"rendered":"<p>[et_pb_section fb_built=\u00bb1&#8243; _builder_version=\u00bb4.22.0&#8243; _module_preset=\u00bbdefault\u00bb background_image=\u00bbhttps:\/\/www.artesyletras.edu.co\/eal\/wp-content\/uploads\/2024\/01\/dg-tecnico-girardot.jpg\u00bb max_width=\u00bb1920px\u00bb height=\u00bb650px\u00bb height_tablet=\u00bb340px\u00bb height_phone=\u00bb244px\u00bb height_last_edited=\u00bbon|phone\u00bb global_colors_info=\u00bb{}\u00bb][et_pb_row _builder_version=\u00bb4.22.0&#8243; _module_preset=\u00bbdefault\u00bb global_colors_info=\u00bb{}\u00bb][et_pb_column type=\u00bb4_4&#8243; _builder_version=\u00bb4.22.0&#8243; _module_preset=\u00bbdefault\u00bb global_colors_info=\u00bb{}\u00bb][et_pb_text _builder_version=\u00bb4.22.0&#8243; _module_preset=\u00bbdefault\u00bb text_font=\u00bbMontserrat|600|||||||\u00bb text_text_color=\u00bb#FFFFFF\u00bb text_font_size=\u00bb25px\u00bb text_line_height=\u00bb1em\u00bb text_orientation=\u00bbcenter\u00bb custom_margin=\u00bb110px||0px||false|false\u00bb custom_margin_tablet=\u00bb37px||||false|false\u00bb custom_margin_phone=\u00bb-6px||||false|false\u00bb custom_margin_last_edited=\u00bbon|phone\u00bb custom_padding=\u00bb||3px||false|false\u00bb text_font_size_tablet=\u00bb18px\u00bb text_font_size_phone=\u00bb10px\u00bb text_font_size_last_edited=\u00bbon|phone\u00bb text_line_height_tablet=\u00bb1em\u00bb text_line_height_phone=\u00bb1em\u00bb text_line_height_last_edited=\u00bbon|desktop\u00bb text_text_shadow_style=\u00bbpreset1&#8243; global_colors_info=\u00bb{}\u00bb]<\/p>\n<p><strong>T\u00c9CNICO PROFESIONAL\u00a0<\/strong><\/p>\n<p>[\/et_pb_text][et_pb_post_title meta=\u00bboff\u00bb featured_image=\u00bboff\u00bb _builder_version=\u00bb4.22.0&#8243; _module_preset=\u00bbdefault\u00bb title_level=\u00bbh2&#8243; title_font=\u00bbMontserrat|700|||||||\u00bb title_text_align=\u00bbcenter\u00bb title_text_color=\u00bb#FFFFFF\u00bb title_font_size=\u00bb4vw\u00bb custom_margin=\u00bb0px||0px||false|false\u00bb custom_padding=\u00bb0px||0px||false|false\u00bb custom_padding_tablet=\u00bb0px||0px||false|false\u00bb custom_padding_phone=\u00bb0px||0px||false|false\u00bb custom_padding_last_edited=\u00bbon|phone\u00bb title_font_size_tablet=\u00bb6vw\u00bb title_font_size_phone=\u00bb7vw\u00bb title_font_size_last_edited=\u00bbon|phone\u00bb title_text_shadow_style=\u00bbpreset1&#8243; global_colors_info=\u00bb{}\u00bb][\/et_pb_post_title][et_pb_text content_tablet=\u00bb<\/p>\n<p>SNIES 111721 &#8211; Resoluci\u00f3n 010787 del 27 de junio de 2024 &#8211; Acreditaci\u00f3n de Alta Calidad \/ M.E.N.<\/p>\n<p>\u00bb content_phone=\u00bbSNIES 111721 &#8211; Resoluci\u00f3n 010787 del 27 de junio de 2024<br \/>\nAcreditaci\u00f3n de Alta Calidad \/ M.E.N.\u00bb content_last_edited=\u00bbon|phone\u00bb _builder_version=\u00bb4.22.0&#8243; _module_preset=\u00bbdefault\u00bb text_font=\u00bbMontserrat|500|||||||\u00bb text_text_color=\u00bb#FFFFFF\u00bb text_font_size=\u00bb18px\u00bb text_line_height=\u00bb1em\u00bb text_orientation=\u00bbcenter\u00bb custom_margin=\u00bb-9px||20px||false|false\u00bb custom_margin_tablet=\u00bb-7px||10px||false|false\u00bb custom_margin_phone=\u00bb5px||||false|false\u00bb custom_margin_last_edited=\u00bbon|phone\u00bb custom_padding=\u00bb0px||0px||false|false\u00bb text_font_size_tablet=\u00bb12px\u00bb text_font_size_phone=\u00bb8px\u00bb text_font_size_last_edited=\u00bbon|tablet\u00bb text_line_height_tablet=\u00bb1em\u00bb text_line_height_phone=\u00bb1em\u00bb text_line_height_last_edited=\u00bbon|phone\u00bb text_text_shadow_style=\u00bbpreset1&#8243; global_colors_info=\u00bb{}\u00bb]<\/p>\n<p>SNIES 111721 &#8211; Resoluci\u00f3n 010787 del 27 de junio de 2024 &#8211; Acreditaci\u00f3n de Alta Calidad \/ M.E.N.<\/p>\n<p>[\/et_pb_text][et_pb_text _builder_version=\u00bb4.22.0&#8243; _module_preset=\u00bbdefault\u00bb text_font=\u00bbMontserrat|500|||||||\u00bb text_text_color=\u00bb#FFFFFF\u00bb text_font_size=\u00bb18px\u00bb text_line_height=\u00bb1em\u00bb text_orientation=\u00bbcenter\u00bb custom_margin=\u00bb-9px||20px||false|false\u00bb custom_margin_tablet=\u00bb-7px||10px||false|false\u00bb custom_margin_phone=\u00bb5px||||false|false\u00bb custom_margin_last_edited=\u00bbon|phone\u00bb custom_padding=\u00bb0px||0px||false|false\u00bb text_font_size_tablet=\u00bb12px\u00bb text_font_size_phone=\u00bb8px\u00bb text_font_size_last_edited=\u00bbon|tablet\u00bb text_line_height_tablet=\u00bb1em\u00bb text_line_height_phone=\u00bb1em\u00bb text_line_height_last_edited=\u00bbon|phone\u00bb text_text_shadow_style=\u00bbpreset1&#8243; global_colors_info=\u00bb{}\u00bb]<\/p>\n<p>\u00a0SNIES 111721 &#8211; Resoluci\u00f3n 650 del 26 de enero de 2024 \/ M.E.N.\u00a0<\/p>\n<p>[\/et_pb_text][et_pb_text content_tablet=\u00bb<\/p>\n<p style=%22text-align: center;%22><a href=%22https:\/\/artesyletras.edu.co\/eal\/contactenos\/%22 class=%22ov-btn-slide-left%22>COMUN\u00cdCATE CON NOSOTROS<\/a><\/p>\n<p>\u00bb content_phone=\u00bb<\/p>\n<p style=%22text-align: center;%22><a href=%22https:\/\/artesyletras.edu.co\/eal\/contactenos\/%22 class=%22ov-btn-slide-left%22>COMUN\u00cdCATE CON NOSOTROS<\/a><\/p>\n<p>\u00bb content_last_edited=\u00bboff|desktop\u00bb _builder_version=\u00bb4.22.0&#8243; _module_preset=\u00bbdefault\u00bb text_font=\u00bbMontserrat||||||||\u00bb text_text_color=\u00bb#FFFFFF\u00bb text_font_size=\u00bb18px\u00bb text_line_height=\u00bb1em\u00bb text_orientation=\u00bbcenter\u00bb width_tablet=\u00bb100%\u00bb width_phone=\u00bb100%\u00bb width_last_edited=\u00bbon|phone\u00bb text_font_size_tablet=\u00bb12px\u00bb text_font_size_phone=\u00bb8px\u00bb text_font_size_last_edited=\u00bbon|phone\u00bb text_text_shadow_style=\u00bbpreset1&#8243; global_colors_info=\u00bb{}\u00bb]<\/p>\n<p style=\"text-align: center;\"><a href=\"#contactoprodugrafi\" class=\"ov-btn-slide-left\">COMUN\u00cdCATE CON NOSOTROS\u00a0<\/a><\/p>\n<p>[\/et_pb_text][\/et_pb_column][\/et_pb_row][\/et_pb_section][et_pb_section fb_built=\u00bb1&#8243; _builder_version=\u00bb4.22.0&#8243; _module_preset=\u00bbdefault\u00bb background_color=\u00bb#eaeaea\u00bb global_colors_info=\u00bb{}\u00bb][et_pb_row column_structure=\u00bb3_5,2_5&#8243; custom_padding_last_edited=\u00bbon|tablet\u00bb _builder_version=\u00bb4.22.0&#8243; _module_preset=\u00bbdefault\u00bb background_color=\u00bb#FFFFFF\u00bb width=\u00bb100%\u00bb max_width=\u00bb73%\u00bb max_width_tablet=\u00bb92%\u00bb max_width_phone=\u00bb95%\u00bb max_width_last_edited=\u00bbon|desktop\u00bb custom_margin=\u00bb-140px||||false|false\u00bb custom_margin_tablet=\u00bb-80px||||false|false\u00bb custom_margin_phone=\u00bb-67px||||false|false\u00bb custom_margin_last_edited=\u00bbon|phone\u00bb custom_padding=\u00bb30px|40px|25px|40px|false|false\u00bb custom_padding_tablet=\u00bb20px|20px|20px|20px|false|false\u00bb custom_padding_phone=\u00bb20px|20px|20px|20px|false|false\u00bb global_colors_info=\u00bb{}\u00bb][et_pb_column type=\u00bb3_5&#8243; _builder_version=\u00bb4.22.0&#8243; _module_preset=\u00bbdefault\u00bb global_colors_info=\u00bb{}\u00bb][et_pb_accordion open_toggle_text_color=\u00bb#224692&#8243; _builder_version=\u00bb4.22.0&#8243; _module_preset=\u00bbdefault\u00bb toggle_text_color=\u00bb#224692&#8243; toggle_font=\u00bb|600|||||||\u00bb global_colors_info=\u00bb{}\u00bb][et_pb_accordion_item title=\u00bbPerfil Aspirante\u00bb open=\u00bbon\u00bb content_tablet=\u00bb<\/p>\n<p>El aspirante debe ser una persona con capacidad de ser pragm\u00e1tico, creativo, diverso en la forma de pensar realizando sus proyecciones a corto, mediano y largo plazo, tanto profesional como en su diario vivir, rompiendo esquemas e innovando en la creaci\u00f3n de nuevos logros, objetivos, metas en el entorno gr\u00e1fico; debe ser una persona que demuestre inter\u00e9s en el arte, la historia, la literatura, as\u00ed como en cualquier forma de expresi\u00f3n art\u00edstica, visual, literaria y de comunicaci\u00f3n.<\/p>\n<p>\u00bb content_phone=\u00bb<\/p>\n<p>El aspirante debe ser una persona con capacidad de ser pragm\u00e1tico, creativo, diverso en la forma de pensar realizando sus proyecciones a corto, mediano y largo plazo, tanto profesional como en su diario vivir, rompiendo esquemas e innovando en la creaci\u00f3n de nuevos logros, objetivos, metas en el entorno gr\u00e1fico; debe ser una persona que demuestre inter\u00e9s en el arte, la historia, la literatura, as\u00ed como en cualquier forma de expresi\u00f3n art\u00edstica, visual, literaria y de comunicaci\u00f3n.<\/p>\n<p>\u00bb content_last_edited=\u00bbon|desktop\u00bb _builder_version=\u00bb4.22.0&#8243; _module_preset=\u00bbdefault\u00bb global_colors_info=\u00bb{}\u00bb]<\/p>\n<p>El aspirante debe ser una persona con capacidad de ser pragm\u00e1tico, creativo, diverso en la forma de pensar realizando sus proyecciones a corto, mediano y largo plazo, tanto profesional como en su diario vivir, rompiendo esquemas e innovando en la creaci\u00f3n de nuevos logros, objetivos, metas en el entorno gr\u00e1fico; debe ser una persona que demuestre inter\u00e9s en el arte, la historia, la literatura, as\u00ed como en cualquier forma de expresi\u00f3n art\u00edstica, visual, literaria y de comunicaci\u00f3n.<\/p>\n<p>[\/et_pb_accordion_item][et_pb_accordion_item title=\u00bbPerfil del Egresado\u00bb content_tablet=\u00bb<\/p>\n<p>El T\u00e9cnico profesional en Producci\u00f3n Gr\u00e1fica de la Corporaci\u00f3n Escuela de Artes y Letras Instituci\u00f3n Universitaria; posee las habilidades y destrezas necesarias para producir y usar las herramientas art\u00edsticas y digitales que est\u00e1n a la vanguardia del medio. De esta manera se ejecutan soluciones pr\u00e1cticas, asertivas de forma creativa, para responder los problemas de producci\u00f3n y expresi\u00f3n gr\u00e1fica, basados en el an\u00e1lisis de la informaci\u00f3n entregada por el profesional, con relaci\u00f3n al contexto, el consumidor, con criterios profesionales y \u00e9ticos. Gestiona proyectos de comunicaci\u00f3n y producci\u00f3n gr\u00e1fica en ambientes interdisciplinarios, lo que le permite desempe\u00f1arse en el \u00e1mbito de empresas relacionadas con el sector editorial, la publicidad, marketing digital, medios de comunicaci\u00f3n, entre otros. Dispuesto a resolver conflictos dentro de un ambiente de cordialidad y respeto, lo cual facilitar\u00e1 un trabajo en equipo efectivo y oportuno en su espacio laboral.<\/p>\n<p>\u00bb content_phone=\u00bb<\/p>\n<p>El T\u00e9cnico profesional en Producci\u00f3n Gr\u00e1fica de la Corporaci\u00f3n Escuela de Artes y Letras Instituci\u00f3n Universitaria; posee las habilidades y destrezas necesarias para producir y usar las herramientas art\u00edsticas y digitales que est\u00e1n a la vanguardia del medio. De esta manera se ejecutan soluciones pr\u00e1cticas, asertivas de forma creativa, para responder los problemas de producci\u00f3n y expresi\u00f3n gr\u00e1fica, basados en el an\u00e1lisis de la informaci\u00f3n entregada por el profesional, con relaci\u00f3n al contexto, el consumidor, con criterios profesionales y \u00e9ticos. Gestiona proyectos de comunicaci\u00f3n y producci\u00f3n gr\u00e1fica en ambientes interdisciplinarios, lo que le permite desempe\u00f1arse en el \u00e1mbito de empresas relacionadas con el sector editorial, la publicidad, marketing digital, medios de comunicaci\u00f3n, entre otros. Dispuesto a resolver conflictos dentro de un ambiente de cordialidad y respeto, lo cual facilitar\u00e1 un trabajo en equipo efectivo y oportuno en su espacio laboral.<\/p>\n<p>\u00bb content_last_edited=\u00bbon|phone\u00bb _builder_version=\u00bb4.22.0&#8243; _module_preset=\u00bbdefault\u00bb global_colors_info=\u00bb{}\u00bb open=\u00bboff\u00bb]<\/p>\n<p>El T\u00e9cnico profesional en Producci\u00f3n Gr\u00e1fica de la Corporaci\u00f3n Escuela de Artes y Letras Instituci\u00f3n Universitaria; posee las habilidades y destrezas necesarias para producir y usar las herramientas art\u00edsticas y digitales que est\u00e1n a la vanguardia del medio. De esta manera se ejecutan soluciones pr\u00e1cticas, asertivas de forma creativa, para responder los problemas de producci\u00f3n y expresi\u00f3n gr\u00e1fica, basados en el an\u00e1lisis de la informaci\u00f3n entregada por el profesional, con relaci\u00f3n al contexto, el consumidor, con criterios profesionales y \u00e9ticos. Gestiona proyectos de comunicaci\u00f3n y producci\u00f3n gr\u00e1fica en ambientes interdisciplinarios, lo que le permite desempe\u00f1arse en el \u00e1mbito de empresas relacionadas con el sector editorial, la publicidad, marketing digital, medios de comunicaci\u00f3n, entre otros. Dispuesto a resolver conflictos dentro de un ambiente de cordialidad y respeto, lo cual facilitar\u00e1 un trabajo en equipo efectivo y oportuno en su espacio laboral.<\/p>\n<p>[\/et_pb_accordion_item][et_pb_accordion_item title=\u00bbPerfil Laboral\u00bb content_tablet=\u00bb<\/p>\n<p>El T\u00e9cnico Profesional en Producci\u00f3n Gr\u00e1fica, estar\u00e1 en la capacidad de desempe\u00f1arse en el \u00e1mbito de empresas relacionadas directamente con la producci\u00f3n de contenido gr\u00e1fico, como editoriales, agencias de publicidad, agencias de marketing digital, agencias de medios, entre otros, o desarrollando su propio emprendimiento; as\u00ed como en empresas de cualquier \u00edndole que se apoyan en la comunicaci\u00f3n gr\u00e1fica para posicionar sus marcas y crear relaciones s\u00f3lidas con sus consumidores. En cualquiera de los dos casos se desempe\u00f1ar\u00e1 realizando diagramaci\u00f3n e ilustraci\u00f3n, manejando la identidad visual corporativa y personal, dise\u00f1o web, aplicaciones m\u00f3viles y animaci\u00f3n. Igualmente est\u00e1 capacitado para ejercer en el campo independiente de su profesi\u00f3n como, investigador, asesor, consultor gr\u00e1fico en procesos de dise\u00f1o finalizaci\u00f3n y salida de productos gr\u00e1ficos.<\/p>\n<p>\u00bb content_phone=\u00bb<\/p>\n<p>El T\u00e9cnico Profesional en Producci\u00f3n Gr\u00e1fica, estar\u00e1 en la capacidad de desempe\u00f1arse en el \u00e1mbito de empresas relacionadas directamente con la producci\u00f3n de contenido gr\u00e1fico, como editoriales, agencias de publicidad, agencias de marketing digital, agencias de medios, entre otros, o desarrollando su propio emprendimiento; as\u00ed como en empresas de cualquier \u00edndole que se apoyan en la comunicaci\u00f3n gr\u00e1fica para posicionar sus marcas y crear relaciones s\u00f3lidas con sus consumidores. En cualquiera de los dos casos se desempe\u00f1ar\u00e1 realizando diagramaci\u00f3n e ilustraci\u00f3n, manejando la identidad visual corporativa y personal, dise\u00f1o web, aplicaciones m\u00f3viles y animaci\u00f3n. Igualmente est\u00e1 capacitado para ejercer en el campo independiente de su profesi\u00f3n como, investigador, asesor, consultor gr\u00e1fico en procesos de dise\u00f1o finalizaci\u00f3n y salida de productos gr\u00e1ficos.<\/p>\n<p>\u00bb content_last_edited=\u00bbon|phone\u00bb _builder_version=\u00bb4.22.0&#8243; _module_preset=\u00bbdefault\u00bb global_colors_info=\u00bb{}\u00bb open=\u00bboff\u00bb]<\/p>\n<p>El T\u00e9cnico Profesional en Producci\u00f3n Gr\u00e1fica, estar\u00e1 en la capacidad de desempe\u00f1arse en el \u00e1mbito de empresas relacionadas directamente con la producci\u00f3n de contenido gr\u00e1fico, como editoriales, agencias de publicidad, agencias de marketing digital, agencias de medios, entre otros, o desarrollando su propio emprendimiento; as\u00ed como en empresas de cualquier \u00edndole que se apoyan en la comunicaci\u00f3n gr\u00e1fica para posicionar sus marcas y crear relaciones s\u00f3lidas con sus consumidores. En cualquiera de los dos casos se desempe\u00f1ar\u00e1 realizando diagramaci\u00f3n e ilustraci\u00f3n, manejando la identidad visual corporativa y personal, dise\u00f1o web, aplicaciones m\u00f3viles y animaci\u00f3n. Igualmente est\u00e1 capacitado para ejercer en el campo independiente de su profesi\u00f3n como, investigador, asesor, consultor gr\u00e1fico en procesos de dise\u00f1o finalizaci\u00f3n y salida de productos gr\u00e1ficos.<\/p>\n<p>[\/et_pb_accordion_item][\/et_pb_accordion][et_pb_text content_tablet=\u00bb<\/p>\n<h4 style=%22text-align: left;%22><strong><span style=%22color: #224692;%22><\/span><\/strong><\/h4>\n<h4 style=%22text-align: left;%22><strong><span style=%22color: #224692;%22><\/span><\/strong><\/h4>\n<h4 style=%22text-align: left;%22><strong><span style=%22color: #224692;%22>Valor                      <\/span><\/strong><\/h4>\n<p><strong> <\/strong><\/p>\n<h4 style=%22text-align: center;%22><strong><\/strong><a href=%22https:\/\/drive.google.com\/file\/d\/1RSfizv6uq89-XV4aRptepLPeId97JKh9\/view?usp=drive_link%22 data-et-target-link=%22_blank%22 rel=%22noopener%22><img style=%22vertical-align: middle; display: block; margin-left: auto; margin-right: auto;%22 src=%22https:\/\/www.artesyletras.edu.co\/eal\/wp-content\/uploads\/2023\/09\/VER-PDF_Mesa-de-trabajo-1.png%22 width=%22106%22 height=%2257%22 alt=%22%22 class=%22wp-image-255 alignnone size-full%22 \/><\/a><span style=%22color: #000000;%22><a href=%22https:\/\/drive.google.com\/file\/d\/1RSfizv6uq89-XV4aRptepLPeId97JKh9\/view?usp=drive_link%22 data-et-target-link=%22_blank%22 rel=%22noopener%22 style=%22color: #000000;%22>Descargar el Pago por Cr\u00e9ditos Acad\u00e9micos<\/a><\/span><\/h4>\n<p>\u00bb content_phone=\u00bb<\/p>\n<h4><strong><span style=%22color: #224692;%22><\/span><\/strong><\/h4>\n<h4><strong><span style=%22color: #224692;%22><\/span><\/strong><\/h4>\n<h4><strong><span style=%22color: #224692;%22>Valor             <\/span><\/strong><\/h4>\n<p><strong> <\/strong><\/p>\n<p><strong><\/strong><a href=%22https:\/\/drive.google.com\/file\/d\/1RSfizv6uq89-XV4aRptepLPeId97JKh9\/view?usp=drive_link%22 data-et-target-link=%22_blank%22 rel=%22noopener%22><img style=%22vertical-align: middle; display: block; margin-left: auto; margin-right: auto;%22 src=%22https:\/\/www.artesyletras.edu.co\/eal\/wp-content\/uploads\/2023\/09\/VER-PDF_Mesa-de-trabajo-1.png%22 width=%22106%22 height=%2257%22 alt=%22%22 class=%22wp-image-255 alignnone size-full%22 \/><\/a><span style=%22color: #000000;%22><a href=%22https:\/\/drive.google.com\/file\/d\/1RSfizv6uq89-XV4aRptepLPeId97JKh9\/view?usp=drive_link%22 data-et-target-link=%22_blank%22 rel=%22noopener%22 style=%22color: #000000;%22>Descargar el Pago por Cr\u00e9ditos Acad\u00e9micos<\/a><\/span><\/p>\n<p>\u00bb content_last_edited=\u00bbon|tablet\u00bb _builder_version=\u00bb4.22.0&#8243; _module_preset=\u00bbdefault\u00bb custom_margin_tablet=\u00bb\u00bb custom_margin_phone=\u00bb||||false|false\u00bb custom_margin_last_edited=\u00bbon|desktop\u00bb custom_padding=\u00bb|||3%|false|false\u00bb custom_padding_tablet=\u00bb\u00bb custom_padding_phone=\u00bb|||6%|false|false\u00bb custom_padding_last_edited=\u00bbon|phone\u00bb border_width_all=\u00bb1px\u00bb border_color_all=\u00bb#c9c9c9&#8243; global_module=\u00bb3911&#8243; global_colors_info=\u00bb{}\u00bb]<\/p>\n<h4><strong><span style=\"color: #224692;\"><\/span><\/strong><\/h4>\n<h4><strong><span style=\"color: #224692;\">Valor\u00a0 \u00a0 \u00a0 \u00a0 \u00a0 \u00a0 \u00a0 \u00a0 \u00a0 \u00a0 \u00a0 <\/span><\/strong><a href=\"https:\/\/drive.google.com\/file\/d\/1RSfizv6uq89-XV4aRptepLPeId97JKh9\/view?usp=drive_link\" target=\"_blank\" rel=\"noopener\"><img loading=\"lazy\" decoding=\"async\" style=\"vertical-align: middle;\" src=\"https:\/\/www.artesyletras.edu.co\/eal\/wp-content\/uploads\/2023\/09\/VER-PDF_Mesa-de-trabajo-1.png\" width=\"106\" height=\"57\" alt=\"\" class=\"wp-image-255 alignnone size-full\" \/> <\/a><a href=\"https:\/\/drive.google.com\/file\/d\/1RSfizv6uq89-XV4aRptepLPeId97JKh9\/view?usp=drive_link\" target=\"_blank\" rel=\"noopener\">Descargar el Pago por Cr\u00e9ditos Acad\u00e9micos<\/a><\/h4>\n<p>[\/et_pb_text][\/et_pb_column][et_pb_column type=\u00bb2_5&#8243; _builder_version=\u00bb4.22.0&#8243; _module_preset=\u00bbdefault\u00bb global_colors_info=\u00bb{}\u00bb][et_pb_video src=\u00bbhttps:\/\/www.artesyletras.edu.co\/eal\/wp-content\/uploads\/2024\/04\/video-actualizado-de-produccion-grafica.mp4&#8243; _builder_version=\u00bb4.22.0&#8243; _module_preset=\u00bbdefault\u00bb global_colors_info=\u00bb{}\u00bb][\/et_pb_video][et_pb_text module_id=\u00bbcontactoprodugrafi\u00bb _builder_version=\u00bb4.22.0&#8243; _module_preset=\u00bbdefault\u00bb text_text_color=\u00bb#0c71c3&#8243; header_text_color=\u00bbRGBA(255,255,255,0)\u00bb header_2_text_color=\u00bb#224692&#8243; header_3_text_color=\u00bbRGBA(255,255,255,0)\u00bb background_color=\u00bbrgba(10,10,10,0.08)\u00bb custom_margin=\u00bb||0px||false|false\u00bb custom_padding=\u00bb5%||||false|false\u00bb custom_padding_last_edited=\u00bboff|desktop\u00bb global_colors_info=\u00bb{}\u00bb]<\/p>\n<h2 style=\"text-align: center;\"><strong>M\u00e1s informaci\u00f3n<\/strong><\/h2>\n<p>[\/et_pb_text][et_pb_text _builder_version=\u00bb4.22.0&#8243; _module_preset=\u00bbdefault\u00bb background_color=\u00bbrgba(0,0,0,0.08)\u00bb custom_padding=\u00bb0px|6%|3%|6%|false|false\u00bb hover_enabled=\u00bb0&#8243; global_colors_info=\u00bb{}\u00bb sticky_enabled=\u00bb0&#8243;]<script charset=\"utf-8\" type=\"text\/javascript\" src=\"\/\/js.hsforms.net\/forms\/embed\/v2.js\"><\/script><br \/>\n<script>\n  hbspt.forms.create({\n    region: \"na1\",\n    portalId: \"5826069\",\n    formId: \"fb051036-b788-4b3d-8aba-4c01c0644910\"\n  });\n<\/script>[\/et_pb_text][\/et_pb_column][\/et_pb_row][et_pb_row column_structure=\u00bb3_5,2_5&#8243; use_custom_gutter=\u00bbon\u00bb gutter_width=\u00bb2&#8243; _builder_version=\u00bb4.22.0&#8243; _module_preset=\u00bbdefault\u00bb width=\u00bb100%\u00bb width_tablet=\u00bb92%\u00bb width_phone=\u00bb95%\u00bb width_last_edited=\u00bbon|phone\u00bb max_width=\u00bb73%\u00bb max_width_tablet=\u00bb1920px\u00bb max_width_phone=\u00bb1920px\u00bb max_width_last_edited=\u00bbon|phone\u00bb global_colors_info=\u00bb{}\u00bb][et_pb_column type=\u00bb3_5&#8243; _builder_version=\u00bb4.22.0&#8243; _module_preset=\u00bbdefault\u00bb global_colors_info=\u00bb{}\u00bb][et_pb_text _builder_version=\u00bb4.22.0&#8243; _module_preset=\u00bbdefault\u00bb header_3_text_color=\u00bb#224692&#8243; header_4_font=\u00bb|600|||||||\u00bb header_4_text_color=\u00bb#224692&#8243; background_color=\u00bb#FFFFFF\u00bb custom_padding=\u00bb40px|40px|40px|40px|false|false\u00bb global_colors_info=\u00bb{}\u00bb]<\/p>\n<h4 class=\"color1\">T\u00cdTULO QUE OTORGA<\/h4>\n<p>T\u00e9cnico Profesional en Producci\u00f3n Gr\u00e1fica.<\/p>\n<h4 class=\"color1\">DURACI\u00d3N<\/h4>\n<p>108 Cr\u00e9ditos acad\u00e9micos.<\/p>\n<h4 class=\"color1\">PERSONER\u00cdA JUR\u00cdDICA:<\/h4>\n<p>Personer\u00eda Jur\u00eddica No. 6272 \/ 83 M.E.N. &#8211; Resoluci\u00f3n 650 del 26 de enero de 2024 \/ M.E.N. Instituci\u00f3n de Educaci\u00f3n Superior sujeta a inspecci\u00f3n y vigilancia por parte del M.E.N.<\/p>\n<p>[\/et_pb_text][et_pb_accordion open_toggle_text_color=\u00bb#224692&#8243; _builder_version=\u00bb4.22.0&#8243; _module_preset=\u00bbdefault\u00bb toggle_text_color=\u00bb#224692&#8243; toggle_font=\u00bb|600|||||||\u00bb background_color=\u00bb#FFFFFF\u00bb global_colors_info=\u00bb{}\u00bb][et_pb_accordion_item title=\u00bbPlan de Estudios\u00bb open=\u00bbon\u00bb content_tablet=\u00bb<\/p>\n<p style=%22text-align: center;%22><a class=%22btn-donwload%22 href=%22https:\/\/drive.google.com\/file\/d\/1-EIK6jN_MaRoEQTxG-Yk5Pmd83cKYLE2\/view?usp=share_link%22 data-et-target-link=%22_blank%22 rel=%22noopener%22>Descargar plan de estudios<\/a><\/p>\n<p>\u00bb content_phone=\u00bb<\/p>\n<p style=%22text-align: center;%22><a class=%22btn-donwload%22 href=%22https:\/\/drive.google.com\/file\/d\/1-EIK6jN_MaRoEQTxG-Yk5Pmd83cKYLE2\/view?usp=share_link%22 data-et-target-link=%22_blank%22 rel=%22noopener%22>Descargar plan de estudios<\/a><\/p>\n<p>\u00bb content_last_edited=\u00bbon|phone\u00bb _builder_version=\u00bb4.22.0&#8243; _module_preset=\u00bbdefault\u00bb custom_padding=\u00bb|40px||40px|false|false\u00bb custom_padding_tablet=\u00bb|40px||40px|false|false\u00bb custom_padding_phone=\u00bb|40px||40px|false|false\u00bb custom_padding_last_edited=\u00bbon|desktop\u00bb custom_css_main_element=\u00bb.btn-donwload{||  background-color:#ff6900;||  color:#fff;||  padding:10px 20px;||  border-radius:6px;||}\u00bb global_colors_info=\u00bb{}\u00bb]<\/p>\n<p style=\"text-align: center;\"><a class=\"btn-donwload\" href=\"https:\/\/drive.google.com\/file\/d\/1-EIK6jN_MaRoEQTxG-Yk5Pmd83cKYLE2\/view?usp=share_link\" target=\"_blank\" rel=\"noopener\">Descargar plan de estudios<\/a><\/p>\n<p>[\/et_pb_accordion_item][et_pb_accordion_item title=\u00bbResoluci\u00f3n de Alta Calidad\u00bb content_tablet=\u00bb<\/p>\n<p style=%22text-align: center;%22><a class=%22btn-donwload%22 href=%22https:\/\/drive.google.com\/file\/d\/1FPOOFAOW19vf09meNL3jliWNRkaDQdqd\/view?usp=share_link%22 data-et-target-link=%22_blank%22 rel=%22noopener%22>Descargar Resoluci\u00f3n<\/a><\/p>\n<p>\u00bb content_phone=\u00bb<\/p>\n<p style=%22text-align: center;%22><a class=%22btn-donwload%22 href=%22https:\/\/drive.google.com\/file\/d\/1FPOOFAOW19vf09meNL3jliWNRkaDQdqd\/view?usp=share_link%22 data-et-target-link=%22_blank%22 rel=%22noopener%22>Descargar Resoluci\u00f3n<\/a><\/p>\n<p>\u00bb content_last_edited=\u00bbon|phone\u00bb _builder_version=\u00bb4.22.0&#8243; _module_preset=\u00bbdefault\u00bb custom_padding=\u00bb|40px||40px|false|false\u00bb custom_css_main_element=\u00bb.btn-donwload{||  background-color:#ff6900;||  color:#fff;||  padding:10px 20px;||  border-radius:6px;||}\u00bb global_colors_info=\u00bb{}\u00bb open=\u00bboff\u00bb]<\/p>\n<p style=\"text-align: center;\"><a class=\"btn-donwload\" href=\"https:\/\/drive.google.com\/file\/d\/1FPOOFAOW19vf09meNL3jliWNRkaDQdqd\/view?usp=share_link\" target=\"_blank\" rel=\"noopener\">Descargar Resoluci\u00f3n<\/a><\/p>\n<p>[\/et_pb_accordion_item][et_pb_accordion_item title=\u00bbResoluci\u00f3n\u00bb content_tablet=\u00bb<\/p>\n<p style=%22text-align: center;%22><a class=%22btn-donwload%22 href=%22https:\/\/drive.google.com\/file\/d\/1o0Ll2pU5Hnys6tmAofX6Aa9RKsIWNrn_\/view?usp=share_link%22 data-et-target-link=%22_blank%22 rel=%22noopener%22>Descargar Resoluci\u00f3n<\/a><\/p>\n<p>\u00bb content_phone=\u00bb<\/p>\n<p style=%22text-align: center;%22><a class=%22btn-donwload%22 href=%22https:\/\/drive.google.com\/file\/d\/1o0Ll2pU5Hnys6tmAofX6Aa9RKsIWNrn_\/view?usp=share_link%22 data-et-target-link=%22_blank%22 rel=%22noopener%22>Descargar Resoluci\u00f3n<\/a><\/p>\n<p>\u00bb content_last_edited=\u00bbon|phone\u00bb _builder_version=\u00bb4.22.0&#8243; _module_preset=\u00bbdefault\u00bb custom_padding=\u00bb|40px||40px|false|false\u00bb custom_css_main_element=\u00bb.btn-donwload{||  background-color:#ff6900;||  color:#fff;||  padding:10px 20px;||  border-radius:6px;||}\u00bb global_colors_info=\u00bb{}\u00bb open=\u00bboff\u00bb]<\/p>\n<p style=\"text-align: center;\"><a class=\"btn-donwload\" href=\"https:\/\/drive.google.com\/file\/d\/1o0Ll2pU5Hnys6tmAofX6Aa9RKsIWNrn_\/view?usp=share_link\" target=\"_blank\" rel=\"noopener\">Descargar Resoluci\u00f3n<\/a><\/p>\n<p>[\/et_pb_accordion_item][\/et_pb_accordion][\/et_pb_column][et_pb_column type=\u00bb2_5&#8243; _builder_version=\u00bb4.22.0&#8243; _module_preset=\u00bbdefault\u00bb global_colors_info=\u00bb{}\u00bb][et_pb_text content_tablet=\u00bb<\/p>\n<h3 class=%22color1%22><strong>RELACIONADAS<\/strong><strong><\/strong><\/h3>\n<ul>\n<li><a href=%22decoracion-de-ambientes%22> T\u00e9cnico Profesional en Decoraci\u00f3n de Ambientes<\/a><\/li>\n<li><a href=%22produccion-grafica%22>T\u00e9cnico Profesional en Producci\u00f3n Gr\u00e1fica<\/a><\/li>\n<li><a href=%22produccion-publicitaria%22>T\u00e9cnico Profesional en Producci\u00f3n Publicitaria<\/a><\/li>\n<li><a href=%22produccion-y-comercializacion-de-la-moda%22>T\u00e9cnico Profesional en Producci\u00f3n y Comercializaci\u00f3n de la moda<\/a><\/li>\n<li><a href=%22tecnicas-artisticas%22>T\u00e9cnico Profesional en T\u00e9cnicas Art\u00edsticas<\/a><\/li>\n<li><a href=%22arte-dramatico%22>Profesional en Arte Dram\u00e1tico<\/a><\/li>\n<li><a href=%22artes-plasticas%22>Profesional en Artes Pl\u00e1sticas<\/a><\/li>\n<li><a href=%22cine-y-television%22>Profesional en Cine y Televisi\u00f3n<\/a><\/li>\n<li><a href=%22diseno-grafico%22>Profesional en Dise\u00f1o Gr\u00e1fico<\/a><\/li>\n<li><a href=%22diseno-interior%22>Profesional en Dise\u00f1o Interior<\/a><\/li>\n<li><a href=%22diseno-de-modas%22>Profesional en Dise\u00f1o de Modas<\/a><\/li>\n<li><a href=%22ingenieria-de-las-artes-digitales%22>Ingenier\u00eda de las Artes Digitales<\/a><\/li>\n<li><a href=%22publicidad-y-mercadeo%22>Profesional en Publicidad y Mercadeo<\/a><\/li>\n<li><a href=%22especializacion-en-avaluos%22>Especializaci\u00f3n en Aval\u00faos<\/a><\/li>\n<li><a href=%22especializacion-en-diseno-interactivo-digital%22>Especializaci\u00f3n en dise\u00f1o interactivo digital<\/a><\/li>\n<li><a href=%22maestria-en-ilustracion%22>Maestr\u00eda en Ilustraci\u00f3n<\/a><\/li>\n<li><a href=%22administracion-de-empresas-agropecuarias%22>Administraci\u00f3n de Empresas Agropecuarias &#8211; Sede Girardot<\/a><\/li>\n<li><a href=%22https:\/\/www.artesyletras.edu.co\/eal\/diseno-grafico-girardot\/%22>T\u00e9cnico Profesional en Dise\u00f1o Gr\u00e1fico &#8211; Sede Girardot<\/a><\/li>\n<li><a href=%22produccion-grafica-girardot-2%22>T\u00e9cnico Profesional en Producci\u00f3n Gr\u00e1fica &#8211; Sede Girardot<\/a><\/li>\n<li><a href=%22procesos-administrativos-de-obras-de-construccion%22>T\u00e9cnico Profesional en Procesos Administrativos de Obras de Construcci\u00f3n &#8211; Sede Girardot<\/a><\/li>\n<li><a href=%22https:\/\/www.artesyletras.edu.co\/eal\/produccion-bovina-girardot\/%22>Producci\u00f3n Bovina &#8211; Sede Girardot<\/a><\/li>\n<li><a href=%22procesos-de-administracion-y-produccion-equina%22>Procesos de Administraci\u00f3n y Producci\u00f3n Equina &#8211; Sede Girardot<\/a><\/li>\n<\/ul>\n<p>\u00bb content_phone=\u00bb<\/p>\n<h3 class=%22color1%22><strong>RELACIONADAS<\/strong><strong><\/strong><\/h3>\n<ul>\n<li><a href=%22decoracion-de-ambientes%22> T\u00e9cnico Profesional en Decoraci\u00f3n de Ambientes<\/a><\/li>\n<li><a href=%22produccion-grafica%22>T\u00e9cnico Profesional en Producci\u00f3n Gr\u00e1fica<\/a><\/li>\n<li><a href=%22produccion-publicitaria%22>T\u00e9cnico Profesional en Producci\u00f3n Publicitaria<\/a><\/li>\n<li><a href=%22produccion-y-comercializacion-de-la-moda%22>T\u00e9cnico Profesional en Producci\u00f3n y Comercializaci\u00f3n de la moda<\/a><\/li>\n<li><a href=%22tecnicas-artisticas%22>T\u00e9cnico Profesional en T\u00e9cnicas Art\u00edsticas<\/a><\/li>\n<li><a href=%22arte-dramatico%22>Profesional en Arte Dram\u00e1tico<\/a><\/li>\n<li><a href=%22artes-plasticas%22>Profesional en Artes Pl\u00e1sticas<\/a><\/li>\n<li><a href=%22cine-y-television%22>Profesional en Cine y Televisi\u00f3n<\/a><\/li>\n<li><a href=%22diseno-grafico%22>Profesional en Dise\u00f1o Gr\u00e1fico<\/a><\/li>\n<li><a href=%22diseno-interior%22>Profesional en Dise\u00f1o Interior<\/a><\/li>\n<li><a href=%22diseno-de-modas%22>Profesional en Dise\u00f1o de Modas<\/a><\/li>\n<li><a href=%22ingenieria-de-las-artes-digitales%22>Ingenier\u00eda de las Artes Digitales<\/a><\/li>\n<li><a href=%22publicidad-y-mercadeo%22>Profesional en Publicidad y Mercadeo<\/a><\/li>\n<li><a href=%22especializacion-en-avaluos%22>Especializaci\u00f3n en Aval\u00faos<\/a><\/li>\n<li><a href=%22especializacion-en-diseno-interactivo-digital%22>Especializaci\u00f3n en dise\u00f1o interactivo digital<\/a><\/li>\n<li><a href=%22maestria-en-ilustracion%22>Maestr\u00eda en Ilustraci\u00f3n<\/a><\/li>\n<li><a href=%22administracion-de-empresas-agropecuarias%22>Administraci\u00f3n de Empresas Agropecuarias &#8211; Sede Girardot<\/a><\/li>\n<li><a href=%22https:\/\/www.artesyletras.edu.co\/eal\/diseno-grafico-girardot\/%22>T\u00e9cnico Profesional en Dise\u00f1o Gr\u00e1fico &#8211; Sede Girardot<\/a><\/li>\n<li><a href=%22produccion-grafica-girardot-2%22>T\u00e9cnico Profesional en Producci\u00f3n Gr\u00e1fica &#8211; Sede Girardot<\/a><\/li>\n<li><a href=%22procesos-administrativos-de-obras-de-construccion%22>T\u00e9cnico Profesional en Procesos Administrativos de Obras de Construcci\u00f3n &#8211; Sede Girardot<\/a><\/li>\n<li><a href=%22https:\/\/www.artesyletras.edu.co\/eal\/produccion-bovina-girardot\/%22>Producci\u00f3n Bovina &#8211; Sede Girardot<\/a><\/li>\n<li><a href=%22procesos-de-administracion-y-produccion-equina%22>Procesos de Administraci\u00f3n y Producci\u00f3n Equina &#8211; Sede Girardot<\/a><\/li>\n<\/ul>\n<p>\u00bb content_last_edited=\u00bbon|phone\u00bb _builder_version=\u00bb4.22.0&#8243; _module_preset=\u00bbdefault\u00bb background_color=\u00bb#FFFFFF\u00bb custom_padding=\u00bb40px|40px|100px|40px|false|false\u00bb custom_padding_tablet=\u00bb||40px||false|false\u00bb custom_padding_phone=\u00bb||40px||false|false\u00bb custom_padding_last_edited=\u00bbon|desktop\u00bb global_module=\u00bb717&#8243; global_colors_info=\u00bb{}\u00bb]<\/p>\n<h3 class=\"color1\"><strong>RELACIONADAS<\/strong><strong><\/strong><\/h3>\n<ul>\n<li><a href=\"decoracion-de-ambientes\"> T\u00e9cnico Profesional en Decoraci\u00f3n de Ambientes<\/a><\/li>\n<li><a href=\"produccion-grafica\">T\u00e9cnico Profesional en Producci\u00f3n Gr\u00e1fica<\/a><\/li>\n<li><a href=\"produccion-publicitaria\">T\u00e9cnico Profesional en Producci\u00f3n Publicitaria<\/a><\/li>\n<li><a href=\"produccion-y-comercializacion-de-la-moda\">T\u00e9cnico Profesional en Producci\u00f3n y Comercializaci\u00f3n de la moda<\/a><\/li>\n<li><a href=\"tecnicas-artisticas\">T\u00e9cnico Profesional en T\u00e9cnicas Art\u00edsticas<\/a><\/li>\n<li><a href=\"arte-dramatico\">Profesional en Arte Dram\u00e1tico<\/a><\/li>\n<li><a href=\"artes-plasticas\">Profesional en Artes Pl\u00e1sticas<\/a><\/li>\n<li><a href=\"cine-y-television\">Profesional en Cine y Televisi\u00f3n<\/a><\/li>\n<li><a href=\"diseno-grafico\">Profesional en Dise\u00f1o Gr\u00e1fico<\/a><\/li>\n<li><a href=\"diseno-interior\">Profesional en Dise\u00f1o Interior<\/a><\/li>\n<li><a href=\"diseno-de-modas\">Profesional en Dise\u00f1o de Modas<\/a><\/li>\n<li><a href=\"ingenieria-de-las-artes-digitales\">Ingenier\u00eda de las Artes Digitales<\/a><\/li>\n<li><a href=\"publicidad-y-mercadeo\">Profesional en Publicidad y Mercadeo<\/a><\/li>\n<li><a href=\"especializacion-en-avaluos\">Especializaci\u00f3n en Aval\u00faos<\/a><\/li>\n<li><a href=\"especializacion-en-diseno-interactivo-digital\">Especializaci\u00f3n en dise\u00f1o interactivo digital<\/a><\/li>\n<li><a href=\"maestria-en-ilustracion\">Maestr\u00eda en Ilustraci\u00f3n<\/a><\/li>\n<li><a href=\"administracion-de-empresas-agropecuarias\">Administraci\u00f3n de Empresas Agropecuarias &#8211; Sede Girardot<\/a><\/li>\n<li><a href=\"https:\/\/www.artesyletras.edu.co\/eal\/diseno-grafico-girardot\/\">T\u00e9cnico Profesional en Dise\u00f1o Gr\u00e1fico &#8211; Sede Girardot<\/a><\/li>\n<li><a href=\"produccion-grafica-girardot-2\">T\u00e9cnico Profesional en Producci\u00f3n Gr\u00e1fica &#8211; Sede Girardot<\/a><\/li>\n<li><a href=\"procesos-administrativos-de-obras-de-construccion\">T\u00e9cnico Profesional en Procesos Administrativos de Obras de Construcci\u00f3n &#8211; Sede Girardot<\/a><\/li>\n<li><a href=\"https:\/\/www.artesyletras.edu.co\/eal\/produccion-bovina-girardot\/\">Producci\u00f3n Bovina &#8211; Sede Girardot<\/a><\/li>\n<li><a href=\"procesos-de-administracion-y-produccion-equina\">Procesos de Administraci\u00f3n y Producci\u00f3n Equina &#8211; Sede Girardot<\/a><\/li>\n<\/ul>\n<p>[\/et_pb_text][\/et_pb_column][\/et_pb_row][\/et_pb_section]<\/p>\n","protected":false},"excerpt":{"rendered":"<p>T\u00c9CNICO PROFESIONAL\u00a0SNIES 111721 &#8211; Resoluci\u00f3n 010787 del 27 de junio de 2024 &#8211; Acreditaci\u00f3n de Alta Calidad \/ M.E.N.\u00a0SNIES 111721 &#8211; Resoluci\u00f3n 650 del 26 de enero de 2024 \/ M.E.N.\u00a0COMUN\u00cdCATE CON NOSOTROS\u00a0El aspirante debe ser una persona con capacidad de ser pragm\u00e1tico, creativo, diverso en la forma de pensar realizando sus proyecciones a corto, [&hellip;]<\/p>\n","protected":false},"author":1,"featured_media":2971,"comment_status":"closed","ping_status":"closed","sticky":false,"template":"","format":"standard","meta":{"_et_pb_use_builder":"on","_et_pb_old_content":"","_et_gb_content_width":"2880","content-type":"","_joinchat":[],"footnotes":""},"categories":[35,21,13],"tags":[],"class_list":["post-4225","post","type-post","status-publish","format-standard","has-post-thumbnail","hentry","category-produccion-grafica","category-tecnpro","category-probogota"],"yoast_head":"<!-- This site is optimized with the Yoast SEO plugin v27.3 - https:\/\/yoast.com\/product\/yoast-seo-wordpress\/ -->\n<title>Producci\u00f3n Gr\u00e1fica<\/title>\n<meta name=\"robots\" content=\"index, follow, max-snippet:-1, max-image-preview:large, max-video-preview:-1\" \/>\n<link rel=\"canonical\" href=\"https:\/\/www.artesyletras.edu.co\/eal\/probogota\/produccion-grafica\/\" \/>\n<meta property=\"og:locale\" content=\"es_ES\" \/>\n<meta property=\"og:type\" content=\"article\" \/>\n<meta property=\"og:title\" content=\"Producci\u00f3n Gr\u00e1fica\" \/>\n<meta property=\"og:description\" content=\"T\u00c9CNICO PROFESIONAL\u00a0SNIES 111721 - Resoluci\u00f3n 010787 del 27 de junio de 2024 - Acreditaci\u00f3n de Alta Calidad \/ M.E.N.\u00a0SNIES 111721 - Resoluci\u00f3n 650 del 26 de enero de 2024 \/ M.E.N.\u00a0COMUN\u00cdCATE CON NOSOTROS\u00a0El aspirante debe ser una persona con capacidad de ser pragm\u00e1tico, creativo, diverso en la forma de pensar realizando sus proyecciones a corto, [&hellip;]\" \/>\n<meta property=\"og:url\" content=\"https:\/\/www.artesyletras.edu.co\/eal\/probogota\/produccion-grafica\/\" \/>\n<meta property=\"og:site_name\" content=\"Escuela de Artes y Letras\" \/>\n<meta property=\"article:published_time\" content=\"2024-04-16T16:14:22+00:00\" \/>\n<meta property=\"article:modified_time\" content=\"2024-08-06T23:21:16+00:00\" \/>\n<meta property=\"og:image\" content=\"https:\/\/www.artesyletras.edu.co\/eal\/wp-content\/uploads\/2024\/01\/dg-tecnico-girardot.jpg\" \/>\n\t<meta property=\"og:image:width\" content=\"1601\" \/>\n\t<meta property=\"og:image:height\" content=\"701\" \/>\n\t<meta property=\"og:image:type\" content=\"image\/jpeg\" \/>\n<meta name=\"author\" content=\"admin\" \/>\n<meta name=\"twitter:card\" content=\"summary_large_image\" \/>\n<meta name=\"twitter:label1\" content=\"Escrito por\" \/>\n\t<meta name=\"twitter:data1\" content=\"admin\" \/>\n\t<meta name=\"twitter:label2\" content=\"Tiempo de lectura\" \/>\n\t<meta name=\"twitter:data2\" content=\"16 minutos\" \/>\n<script type=\"application\/ld+json\" class=\"yoast-schema-graph\">{\"@context\":\"https:\\\/\\\/schema.org\",\"@graph\":[{\"@type\":\"Article\",\"@id\":\"https:\\\/\\\/www.artesyletras.edu.co\\\/eal\\\/probogota\\\/produccion-grafica\\\/#article\",\"isPartOf\":{\"@id\":\"https:\\\/\\\/www.artesyletras.edu.co\\\/eal\\\/probogota\\\/produccion-grafica\\\/\"},\"author\":{\"name\":\"admin\",\"@id\":\"https:\\\/\\\/www.artesyletras.edu.co\\\/eal\\\/#\\\/schema\\\/person\\\/96c0e9479d4e9e4cecbc5eaabb5b40f6\"},\"headline\":\"Producci\u00f3n Gr\u00e1fica\",\"datePublished\":\"2024-04-16T16:14:22+00:00\",\"dateModified\":\"2024-08-06T23:21:16+00:00\",\"mainEntityOfPage\":{\"@id\":\"https:\\\/\\\/www.artesyletras.edu.co\\\/eal\\\/probogota\\\/produccion-grafica\\\/\"},\"wordCount\":3194,\"publisher\":{\"@id\":\"https:\\\/\\\/www.artesyletras.edu.co\\\/eal\\\/#organization\"},\"image\":{\"@id\":\"https:\\\/\\\/www.artesyletras.edu.co\\\/eal\\\/probogota\\\/produccion-grafica\\\/#primaryimage\"},\"thumbnailUrl\":\"https:\\\/\\\/www.artesyletras.edu.co\\\/eal\\\/wp-content\\\/uploads\\\/2024\\\/01\\\/dg-tecnico-girardot.jpg\",\"articleSection\":[\"Producci\u00f3n Gr\u00e1fica\",\"Programa T\u00e9cnico Profesional\",\"programas Bogot\u00e1\"],\"inLanguage\":\"es\"},{\"@type\":\"WebPage\",\"@id\":\"https:\\\/\\\/www.artesyletras.edu.co\\\/eal\\\/probogota\\\/produccion-grafica\\\/\",\"url\":\"https:\\\/\\\/www.artesyletras.edu.co\\\/eal\\\/probogota\\\/produccion-grafica\\\/\",\"name\":\"Producci\u00f3n Gr\u00e1fica\",\"isPartOf\":{\"@id\":\"https:\\\/\\\/www.artesyletras.edu.co\\\/eal\\\/#website\"},\"primaryImageOfPage\":{\"@id\":\"https:\\\/\\\/www.artesyletras.edu.co\\\/eal\\\/probogota\\\/produccion-grafica\\\/#primaryimage\"},\"image\":{\"@id\":\"https:\\\/\\\/www.artesyletras.edu.co\\\/eal\\\/probogota\\\/produccion-grafica\\\/#primaryimage\"},\"thumbnailUrl\":\"https:\\\/\\\/www.artesyletras.edu.co\\\/eal\\\/wp-content\\\/uploads\\\/2024\\\/01\\\/dg-tecnico-girardot.jpg\",\"datePublished\":\"2024-04-16T16:14:22+00:00\",\"dateModified\":\"2024-08-06T23:21:16+00:00\",\"breadcrumb\":{\"@id\":\"https:\\\/\\\/www.artesyletras.edu.co\\\/eal\\\/probogota\\\/produccion-grafica\\\/#breadcrumb\"},\"inLanguage\":\"es\",\"potentialAction\":[{\"@type\":\"ReadAction\",\"target\":[\"https:\\\/\\\/www.artesyletras.edu.co\\\/eal\\\/probogota\\\/produccion-grafica\\\/\"]}]},{\"@type\":\"ImageObject\",\"inLanguage\":\"es\",\"@id\":\"https:\\\/\\\/www.artesyletras.edu.co\\\/eal\\\/probogota\\\/produccion-grafica\\\/#primaryimage\",\"url\":\"https:\\\/\\\/www.artesyletras.edu.co\\\/eal\\\/wp-content\\\/uploads\\\/2024\\\/01\\\/dg-tecnico-girardot.jpg\",\"contentUrl\":\"https:\\\/\\\/www.artesyletras.edu.co\\\/eal\\\/wp-content\\\/uploads\\\/2024\\\/01\\\/dg-tecnico-girardot.jpg\",\"width\":1601,\"height\":701},{\"@type\":\"BreadcrumbList\",\"@id\":\"https:\\\/\\\/www.artesyletras.edu.co\\\/eal\\\/probogota\\\/produccion-grafica\\\/#breadcrumb\",\"itemListElement\":[{\"@type\":\"ListItem\",\"position\":1,\"name\":\"Home\",\"item\":\"https:\\\/\\\/www.artesyletras.edu.co\\\/eal\\\/\"},{\"@type\":\"ListItem\",\"position\":2,\"name\":\"Producci\u00f3n Gr\u00e1fica\"}]},{\"@type\":\"WebSite\",\"@id\":\"https:\\\/\\\/www.artesyletras.edu.co\\\/eal\\\/#website\",\"url\":\"https:\\\/\\\/www.artesyletras.edu.co\\\/eal\\\/\",\"name\":\"Escuela de Artes y Letras\",\"description\":\"La Corporaci\u00f3n Escuela de Artes y Letras - Instituci\u00f3n Universitaria. Es el referente del Arte aplicado a las Industrias Creativas y Culturales.\",\"publisher\":{\"@id\":\"https:\\\/\\\/www.artesyletras.edu.co\\\/eal\\\/#organization\"},\"alternateName\":\"www.artesyletras.com.co\",\"potentialAction\":[{\"@type\":\"SearchAction\",\"target\":{\"@type\":\"EntryPoint\",\"urlTemplate\":\"https:\\\/\\\/www.artesyletras.edu.co\\\/eal\\\/?s={search_term_string}\"},\"query-input\":{\"@type\":\"PropertyValueSpecification\",\"valueRequired\":true,\"valueName\":\"search_term_string\"}}],\"inLanguage\":\"es\"},{\"@type\":\"Organization\",\"@id\":\"https:\\\/\\\/www.artesyletras.edu.co\\\/eal\\\/#organization\",\"name\":\"Escuela de Artes y letras\",\"alternateName\":\"www.artesyletras.com.co\",\"url\":\"https:\\\/\\\/www.artesyletras.edu.co\\\/eal\\\/\",\"logo\":{\"@type\":\"ImageObject\",\"inLanguage\":\"es\",\"@id\":\"https:\\\/\\\/www.artesyletras.edu.co\\\/eal\\\/#\\\/schema\\\/logo\\\/image\\\/\",\"url\":\"https:\\\/\\\/www.artesyletras.edu.co\\\/eal\\\/wp-content\\\/uploads\\\/2024\\\/08\\\/logo4123-05.png\",\"contentUrl\":\"https:\\\/\\\/www.artesyletras.edu.co\\\/eal\\\/wp-content\\\/uploads\\\/2024\\\/08\\\/logo4123-05.png\",\"width\":6319,\"height\":2991,\"caption\":\"Escuela de Artes y letras\"},\"image\":{\"@id\":\"https:\\\/\\\/www.artesyletras.edu.co\\\/eal\\\/#\\\/schema\\\/logo\\\/image\\\/\"}},{\"@type\":\"Person\",\"@id\":\"https:\\\/\\\/www.artesyletras.edu.co\\\/eal\\\/#\\\/schema\\\/person\\\/96c0e9479d4e9e4cecbc5eaabb5b40f6\",\"name\":\"admin\",\"image\":{\"@type\":\"ImageObject\",\"inLanguage\":\"es\",\"@id\":\"https:\\\/\\\/secure.gravatar.com\\\/avatar\\\/336c6c869e88ceca1200ba94e18dafecd6c325dd093816962d70d9c58aabda8d?s=96&d=mm&r=g\",\"url\":\"https:\\\/\\\/secure.gravatar.com\\\/avatar\\\/336c6c869e88ceca1200ba94e18dafecd6c325dd093816962d70d9c58aabda8d?s=96&d=mm&r=g\",\"contentUrl\":\"https:\\\/\\\/secure.gravatar.com\\\/avatar\\\/336c6c869e88ceca1200ba94e18dafecd6c325dd093816962d70d9c58aabda8d?s=96&d=mm&r=g\",\"caption\":\"admin\"},\"url\":\"https:\\\/\\\/www.artesyletras.edu.co\\\/eal\\\/author\\\/admin\\\/\"}]}<\/script>\n<!-- \/ Yoast SEO plugin. -->","yoast_head_json":{"title":"Producci\u00f3n Gr\u00e1fica","robots":{"index":"index","follow":"follow","max-snippet":"max-snippet:-1","max-image-preview":"max-image-preview:large","max-video-preview":"max-video-preview:-1"},"canonical":"https:\/\/www.artesyletras.edu.co\/eal\/probogota\/produccion-grafica\/","og_locale":"es_ES","og_type":"article","og_title":"Producci\u00f3n Gr\u00e1fica","og_description":"T\u00c9CNICO PROFESIONAL\u00a0SNIES 111721 - Resoluci\u00f3n 010787 del 27 de junio de 2024 - Acreditaci\u00f3n de Alta Calidad \/ M.E.N.\u00a0SNIES 111721 - Resoluci\u00f3n 650 del 26 de enero de 2024 \/ M.E.N.\u00a0COMUN\u00cdCATE CON NOSOTROS\u00a0El aspirante debe ser una persona con capacidad de ser pragm\u00e1tico, creativo, diverso en la forma de pensar realizando sus proyecciones a corto, [&hellip;]","og_url":"https:\/\/www.artesyletras.edu.co\/eal\/probogota\/produccion-grafica\/","og_site_name":"Escuela de Artes y Letras","article_published_time":"2024-04-16T16:14:22+00:00","article_modified_time":"2024-08-06T23:21:16+00:00","og_image":[{"width":1601,"height":701,"url":"https:\/\/www.artesyletras.edu.co\/eal\/wp-content\/uploads\/2024\/01\/dg-tecnico-girardot.jpg","type":"image\/jpeg"}],"author":"admin","twitter_card":"summary_large_image","twitter_misc":{"Escrito por":"admin","Tiempo de lectura":"16 minutos"},"schema":{"@context":"https:\/\/schema.org","@graph":[{"@type":"Article","@id":"https:\/\/www.artesyletras.edu.co\/eal\/probogota\/produccion-grafica\/#article","isPartOf":{"@id":"https:\/\/www.artesyletras.edu.co\/eal\/probogota\/produccion-grafica\/"},"author":{"name":"admin","@id":"https:\/\/www.artesyletras.edu.co\/eal\/#\/schema\/person\/96c0e9479d4e9e4cecbc5eaabb5b40f6"},"headline":"Producci\u00f3n Gr\u00e1fica","datePublished":"2024-04-16T16:14:22+00:00","dateModified":"2024-08-06T23:21:16+00:00","mainEntityOfPage":{"@id":"https:\/\/www.artesyletras.edu.co\/eal\/probogota\/produccion-grafica\/"},"wordCount":3194,"publisher":{"@id":"https:\/\/www.artesyletras.edu.co\/eal\/#organization"},"image":{"@id":"https:\/\/www.artesyletras.edu.co\/eal\/probogota\/produccion-grafica\/#primaryimage"},"thumbnailUrl":"https:\/\/www.artesyletras.edu.co\/eal\/wp-content\/uploads\/2024\/01\/dg-tecnico-girardot.jpg","articleSection":["Producci\u00f3n Gr\u00e1fica","Programa T\u00e9cnico Profesional","programas Bogot\u00e1"],"inLanguage":"es"},{"@type":"WebPage","@id":"https:\/\/www.artesyletras.edu.co\/eal\/probogota\/produccion-grafica\/","url":"https:\/\/www.artesyletras.edu.co\/eal\/probogota\/produccion-grafica\/","name":"Producci\u00f3n Gr\u00e1fica","isPartOf":{"@id":"https:\/\/www.artesyletras.edu.co\/eal\/#website"},"primaryImageOfPage":{"@id":"https:\/\/www.artesyletras.edu.co\/eal\/probogota\/produccion-grafica\/#primaryimage"},"image":{"@id":"https:\/\/www.artesyletras.edu.co\/eal\/probogota\/produccion-grafica\/#primaryimage"},"thumbnailUrl":"https:\/\/www.artesyletras.edu.co\/eal\/wp-content\/uploads\/2024\/01\/dg-tecnico-girardot.jpg","datePublished":"2024-04-16T16:14:22+00:00","dateModified":"2024-08-06T23:21:16+00:00","breadcrumb":{"@id":"https:\/\/www.artesyletras.edu.co\/eal\/probogota\/produccion-grafica\/#breadcrumb"},"inLanguage":"es","potentialAction":[{"@type":"ReadAction","target":["https:\/\/www.artesyletras.edu.co\/eal\/probogota\/produccion-grafica\/"]}]},{"@type":"ImageObject","inLanguage":"es","@id":"https:\/\/www.artesyletras.edu.co\/eal\/probogota\/produccion-grafica\/#primaryimage","url":"https:\/\/www.artesyletras.edu.co\/eal\/wp-content\/uploads\/2024\/01\/dg-tecnico-girardot.jpg","contentUrl":"https:\/\/www.artesyletras.edu.co\/eal\/wp-content\/uploads\/2024\/01\/dg-tecnico-girardot.jpg","width":1601,"height":701},{"@type":"BreadcrumbList","@id":"https:\/\/www.artesyletras.edu.co\/eal\/probogota\/produccion-grafica\/#breadcrumb","itemListElement":[{"@type":"ListItem","position":1,"name":"Home","item":"https:\/\/www.artesyletras.edu.co\/eal\/"},{"@type":"ListItem","position":2,"name":"Producci\u00f3n Gr\u00e1fica"}]},{"@type":"WebSite","@id":"https:\/\/www.artesyletras.edu.co\/eal\/#website","url":"https:\/\/www.artesyletras.edu.co\/eal\/","name":"Escuela de Artes y Letras","description":"La Corporaci\u00f3n Escuela de Artes y Letras - Instituci\u00f3n Universitaria. Es el referente del Arte aplicado a las Industrias Creativas y Culturales.","publisher":{"@id":"https:\/\/www.artesyletras.edu.co\/eal\/#organization"},"alternateName":"www.artesyletras.com.co","potentialAction":[{"@type":"SearchAction","target":{"@type":"EntryPoint","urlTemplate":"https:\/\/www.artesyletras.edu.co\/eal\/?s={search_term_string}"},"query-input":{"@type":"PropertyValueSpecification","valueRequired":true,"valueName":"search_term_string"}}],"inLanguage":"es"},{"@type":"Organization","@id":"https:\/\/www.artesyletras.edu.co\/eal\/#organization","name":"Escuela de Artes y letras","alternateName":"www.artesyletras.com.co","url":"https:\/\/www.artesyletras.edu.co\/eal\/","logo":{"@type":"ImageObject","inLanguage":"es","@id":"https:\/\/www.artesyletras.edu.co\/eal\/#\/schema\/logo\/image\/","url":"https:\/\/www.artesyletras.edu.co\/eal\/wp-content\/uploads\/2024\/08\/logo4123-05.png","contentUrl":"https:\/\/www.artesyletras.edu.co\/eal\/wp-content\/uploads\/2024\/08\/logo4123-05.png","width":6319,"height":2991,"caption":"Escuela de Artes y letras"},"image":{"@id":"https:\/\/www.artesyletras.edu.co\/eal\/#\/schema\/logo\/image\/"}},{"@type":"Person","@id":"https:\/\/www.artesyletras.edu.co\/eal\/#\/schema\/person\/96c0e9479d4e9e4cecbc5eaabb5b40f6","name":"admin","image":{"@type":"ImageObject","inLanguage":"es","@id":"https:\/\/secure.gravatar.com\/avatar\/336c6c869e88ceca1200ba94e18dafecd6c325dd093816962d70d9c58aabda8d?s=96&d=mm&r=g","url":"https:\/\/secure.gravatar.com\/avatar\/336c6c869e88ceca1200ba94e18dafecd6c325dd093816962d70d9c58aabda8d?s=96&d=mm&r=g","contentUrl":"https:\/\/secure.gravatar.com\/avatar\/336c6c869e88ceca1200ba94e18dafecd6c325dd093816962d70d9c58aabda8d?s=96&d=mm&r=g","caption":"admin"},"url":"https:\/\/www.artesyletras.edu.co\/eal\/author\/admin\/"}]}},"_links":{"self":[{"href":"https:\/\/www.artesyletras.edu.co\/eal\/wp-json\/wp\/v2\/posts\/4225","targetHints":{"allow":["GET"]}}],"collection":[{"href":"https:\/\/www.artesyletras.edu.co\/eal\/wp-json\/wp\/v2\/posts"}],"about":[{"href":"https:\/\/www.artesyletras.edu.co\/eal\/wp-json\/wp\/v2\/types\/post"}],"author":[{"embeddable":true,"href":"https:\/\/www.artesyletras.edu.co\/eal\/wp-json\/wp\/v2\/users\/1"}],"replies":[{"embeddable":true,"href":"https:\/\/www.artesyletras.edu.co\/eal\/wp-json\/wp\/v2\/comments?post=4225"}],"version-history":[{"count":47,"href":"https:\/\/www.artesyletras.edu.co\/eal\/wp-json\/wp\/v2\/posts\/4225\/revisions"}],"predecessor-version":[{"id":4871,"href":"https:\/\/www.artesyletras.edu.co\/eal\/wp-json\/wp\/v2\/posts\/4225\/revisions\/4871"}],"wp:featuredmedia":[{"embeddable":true,"href":"https:\/\/www.artesyletras.edu.co\/eal\/wp-json\/wp\/v2\/media\/2971"}],"wp:attachment":[{"href":"https:\/\/www.artesyletras.edu.co\/eal\/wp-json\/wp\/v2\/media?parent=4225"}],"wp:term":[{"taxonomy":"category","embeddable":true,"href":"https:\/\/www.artesyletras.edu.co\/eal\/wp-json\/wp\/v2\/categories?post=4225"},{"taxonomy":"post_tag","embeddable":true,"href":"https:\/\/www.artesyletras.edu.co\/eal\/wp-json\/wp\/v2\/tags?post=4225"}],"curies":[{"name":"wp","href":"https:\/\/api.w.org\/{rel}","templated":true}]}}